{"id":1048,"date":"2025-08-25T15:22:34","date_gmt":"2025-08-25T18:22:34","guid":{"rendered":"https:\/\/www.da.adv.br\/rochas\/?p=1048"},"modified":"2025-08-25T15:23:47","modified_gmt":"2025-08-25T18:23:47","slug":"programa-acredita-exportacao","status":"publish","type":"post","link":"https:\/\/www.da.adv.br\/rochas\/programa-acredita-exportacao\/","title":{"rendered":"Programa Acredita Exporta\u00e7\u00e3o"},"content":{"rendered":"\t\t<div data-elementor-type=\"wp-post\" data-elementor-id=\"1048\" class=\"elementor elementor-1048\" data-elementor-post-type=\"post\">\n\t\t\t\t\t\t\t<div class=\"elementor-element elementor-element-8d77c88 e-flex e-con-boxed wpr-particle-no wpr-jarallax-no wpr-parallax-no wpr-sticky-section-no e-con e-parent\" data-id=\"8d77c88\" data-element_type=\"container\" data-settings=\"{&quot;content_width&quot;:&quot;boxed&quot;}\" data-core-v316-plus=\"true\">\n\t\t\t\t\t<div class=\"e-con-inner\">\n\t\t\t\t<div class=\"elementor-element elementor-element-85c4d51 elementor-widget elementor-widget-image\" data-id=\"85c4d51\" data-element_type=\"widget\" data-widget_type=\"image.default\">\n\t\t\t\t<div class=\"elementor-widget-container\">\n\t\t\t<style>\/*! elementor - v3.18.0 - 08-12-2023 *\/\n.elementor-widget-image{text-align:center}.elementor-widget-image a{display:inline-block}.elementor-widget-image a img[src$=\".svg\"]{width:48px}.elementor-widget-image img{vertical-align:middle;display:inline-block}<\/style>\t\t\t\t\t\t\t\t\t\t\t\t<img fetchpriority=\"high\" decoding=\"async\" width=\"1200\" height=\"1068\" src=\"https:\/\/www.da.adv.br\/rochas\/wp-content\/uploads\/2025\/03\/rochas_post_artigoacreditaexportacao.jpg\" class=\"attachment-full size-full wp-image-1044\" alt=\"\" srcset=\"https:\/\/www.da.adv.br\/rochas\/wp-content\/uploads\/2025\/03\/rochas_post_artigoacreditaexportacao.jpg 1200w, https:\/\/www.da.adv.br\/rochas\/wp-content\/uploads\/2025\/03\/rochas_post_artigoacreditaexportacao-300x267.jpg 300w, https:\/\/www.da.adv.br\/rochas\/wp-content\/uploads\/2025\/03\/rochas_post_artigoacreditaexportacao-1024x911.jpg 1024w, https:\/\/www.da.adv.br\/rochas\/wp-content\/uploads\/2025\/03\/rochas_post_artigoacreditaexportacao-768x684.jpg 768w\" sizes=\"(max-width: 1200px) 100vw, 1200px\" \/>\t\t\t\t\t\t\t\t\t\t\t\t\t\t\t<\/div>\n\t\t\t\t<\/div>\n\t\t\t\t<div class=\"elementor-element elementor-element-364c1d2 elementor-widget elementor-widget-text-editor\" data-id=\"364c1d2\" data-element_type=\"widget\" data-widget_type=\"text-editor.default\">\n\t\t\t\t<div class=\"elementor-widget-container\">\n\t\t\t<style>\/*! elementor - v3.18.0 - 08-12-2023 *\/\n.elementor-widget-text-editor.elementor-drop-cap-view-stacked .elementor-drop-cap{background-color:#69727d;color:#fff}.elementor-widget-text-editor.elementor-drop-cap-view-framed .elementor-drop-cap{color:#69727d;border:3px solid;background-color:transparent}.elementor-widget-text-editor:not(.elementor-drop-cap-view-default) .elementor-drop-cap{margin-top:8px}.elementor-widget-text-editor:not(.elementor-drop-cap-view-default) .elementor-drop-cap-letter{width:1em;height:1em}.elementor-widget-text-editor .elementor-drop-cap{float:left;text-align:center;line-height:1;font-size:50px}.elementor-widget-text-editor .elementor-drop-cap-letter{display:inline-block}<\/style>\t\t\t\t<p>30\/07\/2025<\/p><p>Foi sancionada a Lei Complementar n\u00ba 216\/2025, publicada no Di\u00e1rio Oficial da Uni\u00e3o em 29 de julho de 2025, que institui o Programa Acredita Exporta\u00e7\u00e3o, com o objetivo de incentivar as exporta\u00e7\u00f5es brasileiras, em especial as realizadas por pequenos neg\u00f3cios. Confira as principais mudan\u00e7as:<\/p><p>\u00a0<\/p><h6>Programa Acredita Exporta\u00e7\u00e3o<\/h6><p>\u2022 Cria\u00e7\u00e3o do Programa Acredita Exporta\u00e7\u00e3o, com devolu\u00e7\u00e3o do res\u00edduo tribut\u00e1rio da cadeia de produ\u00e7\u00e3o para empresas do Simples Nacional e estabelecimento de al\u00edquotas diferenciadas no Reintegra (Regime Especial de Reintegra\u00e7\u00e3o de Valores Tribut\u00e1rios) de acordo com o porte da empresa, variando de 0,1% a 3%;<\/p><p>\u2022 A fixa\u00e7\u00e3o da al\u00edquota por porte da empresa ser\u00e1 definida por meio de decreto do poder executivo federal;<\/p><p>\u2022 Em rela\u00e7\u00e3o ao Reintegra, a medida \u00e9 v\u00e1lida at\u00e9 2027, quando entra em vigor a nova Contribui\u00e7\u00e3o Social sobre Bens e Servi\u00e7os (CBS), prevista na reforma tribut\u00e1ria, que substituir\u00e1 o PIS e COFINS;<\/p><p>\u00a0<\/p><h6>Drawback Servi\u00e7os Suspens\u00e3o<\/h6><p>\u2022 Mudan\u00e7as no regime de Drawback Servi\u00e7os que prev\u00ea a suspens\u00e3o de tributos federais (PIS\/Cofins e PIS\/COFINS-importa\u00e7\u00e3o) na contrata\u00e7\u00e3o de servi\u00e7os do exterior ou no mercado interno diretamente vinculados \u00e0 exporta\u00e7\u00e3o;<\/p><p>\u2022 Reconhecimento formal de servi\u00e7os log\u00edsticos e de transporte como essenciais \u00e0 exporta\u00e7\u00e3o, incluindo intermedia\u00e7\u00e3o, seguro, despacho aduaneiro, transporte e agenciamento, dentre outros;<\/p><p>\u2022 A aplica\u00e7\u00e3o do novo regime do Drawback Servi\u00e7os Suspens\u00e3o \u00e9 imediata, devendo a empresa se habilitar no regime;<\/p><p>\u2022 Extens\u00e3o do prazo de utiliza\u00e7\u00e3o das suspens\u00f5es tribut\u00e1rias do Drawback Servi\u00e7os Suspens\u00e3o por cinco anos, a contar de 29 de julho de 2025 (data da publica\u00e7\u00e3o da Lei).<\/p>\t\t\t\t\t\t<\/div>\n\t\t\t\t<\/div>\n\t\t\t\t<div class=\"elementor-element elementor-element-8c9bfc4 elementor-widget elementor-widget-text-editor\" data-id=\"8c9bfc4\" data-element_type=\"widget\" data-widget_type=\"text-editor.default\">\n\t\t\t\t<div class=\"elementor-widget-container\">\n\t\t\t\t\t\t\t<p><strong>As empresas associadas<\/strong>\u00a0devem estar atentas a todos os requisitos e condi\u00e7\u00f5es previstas na Lei Complementar\u00a0<strong>216\/2025<\/strong>\u00a0e demais normas atinentes \u00e0 legisla\u00e7\u00e3o federal.<\/p>\t\t\t\t\t\t<\/div>\n\t\t\t\t<\/div>\n\t\t\t\t\t<\/div>\n\t\t\t\t<\/div>\n\t\t\t\t\t\t\t<\/div>\n\t\t","protected":false},"excerpt":{"rendered":"<p>30\/07\/2025 Foi sancionada a Lei Complementar n\u00ba 216\/2025, publicada no Di\u00e1rio Oficial da Uni\u00e3o em 29 de julho de 2025, que institui o Programa Acredita Exporta\u00e7\u00e3o, com o objetivo de incentivar as exporta\u00e7\u00f5es brasileiras, em especial as realizadas por pequenos neg\u00f3cios. Confira as principais mudan\u00e7as: \u00a0 Programa Acredita Exporta\u00e7\u00e3o \u2022 Cria\u00e7\u00e3o do Programa Acredita Exporta\u00e7\u00e3o, [&hellip;]<\/p>\n","protected":false},"author":3,"featured_media":1044,"comment_status":"open","ping_status":"open","sticky":false,"template":"","format":"standard","meta":{"footnotes":""},"categories":[12],"tags":[55,85,57,86,44],"_links":{"self":[{"href":"https:\/\/www.da.adv.br\/rochas\/wp-json\/wp\/v2\/posts\/1048"}],"collection":[{"href":"https:\/\/www.da.adv.br\/rochas\/wp-json\/wp\/v2\/posts"}],"about":[{"href":"https:\/\/www.da.adv.br\/rochas\/wp-json\/wp\/v2\/types\/post"}],"author":[{"embeddable":true,"href":"https:\/\/www.da.adv.br\/rochas\/wp-json\/wp\/v2\/users\/3"}],"replies":[{"embeddable":true,"href":"https:\/\/www.da.adv.br\/rochas\/wp-json\/wp\/v2\/comments?post=1048"}],"version-history":[{"count":4,"href":"https:\/\/www.da.adv.br\/rochas\/wp-json\/wp\/v2\/posts\/1048\/revisions"}],"predecessor-version":[{"id":1060,"href":"https:\/\/www.da.adv.br\/rochas\/wp-json\/wp\/v2\/posts\/1048\/revisions\/1060"}],"wp:featuredmedia":[{"embeddable":true,"href":"https:\/\/www.da.adv.br\/rochas\/wp-json\/wp\/v2\/media\/1044"}],"wp:attachment":[{"href":"https:\/\/www.da.adv.br\/rochas\/wp-json\/wp\/v2\/media?parent=1048"}],"wp:term":[{"taxonomy":"category","embeddable":true,"href":"https:\/\/www.da.adv.br\/rochas\/wp-json\/wp\/v2\/categories?post=1048"},{"taxonomy":"post_tag","embeddable":true,"href":"https:\/\/www.da.adv.br\/rochas\/wp-json\/wp\/v2\/tags?post=1048"}],"curies":[{"name":"wp","href":"https:\/\/api.w.org\/{rel}","templated":true}]}}