{"id":827,"date":"2024-01-31T11:25:31","date_gmt":"2024-01-31T14:25:31","guid":{"rendered":"https:\/\/www.da.adv.br\/rochas\/?p=827"},"modified":"2024-06-10T09:32:00","modified_gmt":"2024-06-10T12:32:00","slug":"extincao-da-nota-fiscal-de-nascimento-do-bloco","status":"publish","type":"post","link":"https:\/\/www.da.adv.br\/rochas\/extincao-da-nota-fiscal-de-nascimento-do-bloco\/","title":{"rendered":"Extin\u00e7\u00e3o da nota fiscal de nascimento do bloco &#8211; Publicado em 31\/01\/2024"},"content":{"rendered":"\t\t<div data-elementor-type=\"wp-post\" data-elementor-id=\"827\" class=\"elementor elementor-827\" data-elementor-post-type=\"post\">\n\t\t\t\t\t\t\t<div class=\"elementor-element elementor-element-2f34c5b2 e-flex e-con-boxed wpr-particle-no wpr-jarallax-no wpr-parallax-no wpr-sticky-section-no e-con e-parent\" data-id=\"2f34c5b2\" data-element_type=\"container\" data-settings=\"{&quot;content_width&quot;:&quot;boxed&quot;}\" data-core-v316-plus=\"true\">\n\t\t\t\t\t<div class=\"e-con-inner\">\n\t\t\t\t<div class=\"elementor-element elementor-element-1c3c3bbf elementor-widget elementor-widget-text-editor\" data-id=\"1c3c3bbf\" data-element_type=\"widget\" data-widget_type=\"text-editor.default\">\n\t\t\t\t<div class=\"elementor-widget-container\">\n\t\t\t<style>\/*! elementor - v3.18.0 - 08-12-2023 *\/\n.elementor-widget-text-editor.elementor-drop-cap-view-stacked .elementor-drop-cap{background-color:#69727d;color:#fff}.elementor-widget-text-editor.elementor-drop-cap-view-framed .elementor-drop-cap{color:#69727d;border:3px solid;background-color:transparent}.elementor-widget-text-editor:not(.elementor-drop-cap-view-default) .elementor-drop-cap{margin-top:8px}.elementor-widget-text-editor:not(.elementor-drop-cap-view-default) .elementor-drop-cap-letter{width:1em;height:1em}.elementor-widget-text-editor .elementor-drop-cap{float:left;text-align:center;line-height:1;font-size:50px}.elementor-widget-text-editor .elementor-drop-cap-letter{display:inline-block}<\/style>\t\t\t\t<!-- wp:paragraph -->\n<p>O <a href=\"https:\/\/www.es.gov.br\/\">Governo do Estado do Esp\u00edrito Santo<\/a> editou o Decreto N\u00ba 5.611-R de 30\/01\/2024 extinguindo a burocracia de emiss\u00e3o da conhecida nota fiscal \u201cde nascimento\u201d (entrada) dos blocos na pedreira.<\/p>\n<p>O decreto editado revogou o inciso I do art. 530-Z-W do RICM\/ES (Decreto 1.090-R\/2002), que tratava da obrigatoriedade de emiss\u00e3o de uma nota fiscal de entrada para cada bloco extra\u00eddo pelas pedreiras. Essa nota fiscal n\u00e3o precisar\u00e1 mais ser emitidas pelas empresas de rochas ornamentais extratoras.<\/p>\n<p>Al\u00e9m disso, tamb\u00e9m foram alteradas as regras na emiss\u00e3o das notas fiscais de sa\u00edda dos blocos para os clientes.<\/p>\n<!-- \/wp:paragraph --><!-- wp:image {\"id\":412,\"sizeSlug\":\"large\",\"linkDestination\":\"none\"} -->\n<figure class=\"wp-block-image size-large\"><img fetchpriority=\"high\" decoding=\"async\" class=\"alignnone wp-image-823 size-full\" src=\"https:\/\/www.da.adv.br\/rochas\/wp-content\/uploads\/2024\/01\/david-athayde-advogados-post-blog-rochas-legal-extincao-da-nota-fiscal-de-nascimento-do-bloco.webp\" alt=\"\" width=\"1080\" height=\"1080\" srcset=\"https:\/\/www.da.adv.br\/rochas\/wp-content\/uploads\/2024\/01\/david-athayde-advogados-post-blog-rochas-legal-extincao-da-nota-fiscal-de-nascimento-do-bloco.webp 1080w, https:\/\/www.da.adv.br\/rochas\/wp-content\/uploads\/2024\/01\/david-athayde-advogados-post-blog-rochas-legal-extincao-da-nota-fiscal-de-nascimento-do-bloco-300x300.webp 300w, https:\/\/www.da.adv.br\/rochas\/wp-content\/uploads\/2024\/01\/david-athayde-advogados-post-blog-rochas-legal-extincao-da-nota-fiscal-de-nascimento-do-bloco-1024x1024.webp 1024w, https:\/\/www.da.adv.br\/rochas\/wp-content\/uploads\/2024\/01\/david-athayde-advogados-post-blog-rochas-legal-extincao-da-nota-fiscal-de-nascimento-do-bloco-150x150.webp 150w, https:\/\/www.da.adv.br\/rochas\/wp-content\/uploads\/2024\/01\/david-athayde-advogados-post-blog-rochas-legal-extincao-da-nota-fiscal-de-nascimento-do-bloco-768x768.webp 768w, https:\/\/www.da.adv.br\/rochas\/wp-content\/uploads\/2024\/01\/david-athayde-advogados-post-blog-rochas-legal-extincao-da-nota-fiscal-de-nascimento-do-bloco-600x600.webp 600w\" sizes=\"(max-width: 1080px) 100vw, 1080px\" \/><\/figure>\n<!-- \/wp:image --><!-- wp:paragraph -->\n<p>No caso de sa\u00eddas de blocos com origem no Esp\u00edrito Santo, n\u00e3o haver\u00e1 a necessidade de se indicar na nota fiscal da sa\u00edda as informa\u00e7\u00f5es do documento fiscal de origem, posto que esse foi extinto.<\/p>\n<p>Contudo, no caso de blocos de origem estrangeira ou de outros estados da federa\u00e7\u00e3o, no documento fiscal de sa\u00edda ser\u00e1 necess\u00e1rio incluir os dados da nota fiscal de origem (protocolo de autoriza\u00e7\u00e3o de NF-e).<\/p>\n<p>Segue abaixo a \u00edntegra do Decreto N\u00ba 5.611-R de 30\/01\/2024:<\/p>\n<p style=\"text-align: left;\">O GOVERNADOR DO ESTADO DO ESP\u00cdRITO SANTO, no uso das atribui\u00e7\u00f5es que lhe confere o art. 91, III, da Constitui\u00e7\u00e3o Estadual, e considerando as informa\u00e7\u00f5es constantes do processo n\u00ba 2024-LZ319;<br \/>DECRETA:<br \/>Art. 1\u00ba O Regulamento do Imposto sobre Opera\u00e7\u00f5es Relativas \u00e0 Circula\u00e7\u00e3o de Mercadorias e sobre Presta\u00e7\u00f5es de Servi\u00e7os de Transporte Interestadual e Intermunicipal e de Comunica\u00e7\u00e3o do Estado do Esp\u00edrito Santo &#8211; RICMS\/ES, aprovado pelo Decreto n\u00ba 1.090-R, de 25 de outubro de 2002, passa a vigorar com as seguintes altera\u00e7\u00f5es:<br \/>\u201cArt. 530-Z-Y. (&#8230;)<br \/>(&#8230;)<br \/>II &#8211; (&#8230;)<br \/>b) (&#8230;)<br \/>1. a sigla \u201cES\u201d, indicativa da extra\u00e7\u00e3o realizada neste Estado;<br \/>(&#8230;)<br \/>\u00a7 1\u00ba (&#8230;)<br \/>I &#8211; no grupo \u201cobsFisco\u201d, no campo \u201cxCampo\u201d, o texto \u201cnProtNFeOrigem\u201d e no campo \u201cxTexto\u201d, o n\u00famero do protocolo de autoriza\u00e7\u00e3o da NF-e referente \u00e0 origem do bloco, nas hip\u00f3tese dos itens 2 e 3 da al\u00ednea \u201cb\u201d do inciso II do caput; e<br \/>(&#8230;)\u201d (NR)<br \/>\u201cArt. 530-Z-W. (&#8230;)<br \/>II &#8211; (&#8230;)<br \/>1. b) a sigla \u201cES\u201d, indicativa da extra\u00e7\u00e3o realizada neste Estado; e (&#8230;)\u201d (NR)<br \/>Art. 2\u00ba Fica revogado o inciso I do art. 530-Z-W do RICMS\/ES, aprovado pelo Decreto n\u00ba 1.090-R, de 2002.<br \/>Art. 3\u00ba Este Decreto entra em vigor na data de sua publica\u00e7\u00e3o.<br \/>Pal\u00e1cio Anchieta, em Vit\u00f3ria, aos 30 dias do m\u00eas de janeiro de 2024, 203\u00ba da Independ\u00eancia, 136\u00ba da Rep\u00fablica e 490\u00ba do In\u00edcio da Coloniza\u00e7\u00e3o do Solo Esp\u00edrito-santense.<br \/>JOS\u00c9 RENATO CASAGRANDE<br \/>Governador do Estado<\/p>\n<p>Atenciosamente,<\/p>\n<p>Vit\u00f3ria\/ES, 31 de janeiro de 2014.<\/p>\n<p><em>Por <a href=\"https:\/\/www.da.adv.br\/equipe\/daniel-gomes\/\">Daniel Soares Gomes <\/a><\/em>em 31\/01\/2024<\/p>\n<!-- \/wp:paragraph -->\t\t\t\t\t\t<\/div>\n\t\t\t\t<\/div>\n\t\t\t\t\t<\/div>\n\t\t\t\t<\/div>\n\t\t\t\t\t\t\t<\/div>\n\t\t","protected":false},"excerpt":{"rendered":"<p>O Governo do Estado do Esp\u00edrito Santo editou o Decreto N\u00ba 5.611-R de 30\/01\/2024 extinguindo a burocracia de emiss\u00e3o da conhecida nota fiscal \u201cde nascimento\u201d (entrada) dos blocos na pedreira. O decreto editado revogou o inciso I do art. 530-Z-W do RICM\/ES (Decreto 1.090-R\/2002), que tratava da obrigatoriedade de emiss\u00e3o de uma nota fiscal de [&hellip;]<\/p>\n","protected":false},"author":3,"featured_media":822,"comment_status":"open","ping_status":"open","sticky":false,"template":"","format":"standard","meta":{"footnotes":""},"categories":[4],"tags":[41,16,42],"_links":{"self":[{"href":"https:\/\/www.da.adv.br\/rochas\/wp-json\/wp\/v2\/posts\/827"}],"collection":[{"href":"https:\/\/www.da.adv.br\/rochas\/wp-json\/wp\/v2\/posts"}],"about":[{"href":"https:\/\/www.da.adv.br\/rochas\/wp-json\/wp\/v2\/types\/post"}],"author":[{"embeddable":true,"href":"https:\/\/www.da.adv.br\/rochas\/wp-json\/wp\/v2\/users\/3"}],"replies":[{"embeddable":true,"href":"https:\/\/www.da.adv.br\/rochas\/wp-json\/wp\/v2\/comments?post=827"}],"version-history":[{"count":8,"href":"https:\/\/www.da.adv.br\/rochas\/wp-json\/wp\/v2\/posts\/827\/revisions"}],"predecessor-version":[{"id":976,"href":"https:\/\/www.da.adv.br\/rochas\/wp-json\/wp\/v2\/posts\/827\/revisions\/976"}],"wp:featuredmedia":[{"embeddable":true,"href":"https:\/\/www.da.adv.br\/rochas\/wp-json\/wp\/v2\/media\/822"}],"wp:attachment":[{"href":"https:\/\/www.da.adv.br\/rochas\/wp-json\/wp\/v2\/media?parent=827"}],"wp:term":[{"taxonomy":"category","embeddable":true,"href":"https:\/\/www.da.adv.br\/rochas\/wp-json\/wp\/v2\/categories?post=827"},{"taxonomy":"post_tag","embeddable":true,"href":"https:\/\/www.da.adv.br\/rochas\/wp-json\/wp\/v2\/tags?post=827"}],"curies":[{"name":"wp","href":"https:\/\/api.w.org\/{rel}","templated":true}]}}