{"id":876,"date":"2024-02-22T15:59:14","date_gmt":"2024-02-22T18:59:14","guid":{"rendered":"https:\/\/www.da.adv.br\/rochas\/?p=876"},"modified":"2024-06-10T09:26:30","modified_gmt":"2024-06-10T12:26:30","slug":"os-estados-podem-instituir-taxa-de-fiscalizacao-mineraria-por-daniel-soares-gomes-anderson-ribeiro-e-juan-carvalho","status":"publish","type":"post","link":"https:\/\/www.da.adv.br\/rochas\/os-estados-podem-instituir-taxa-de-fiscalizacao-mineraria-por-daniel-soares-gomes-anderson-ribeiro-e-juan-carvalho\/","title":{"rendered":"Os estados podem instituir taxa de fiscaliza\u00e7\u00e3o miner\u00e1ria? &#8211; Publicado em 22\/02\/2024"},"content":{"rendered":"\t\t<div data-elementor-type=\"wp-post\" data-elementor-id=\"876\" class=\"elementor elementor-876\" data-elementor-post-type=\"post\">\n\t\t\t\t\t\t\t<div class=\"elementor-element elementor-element-2f34c5b2 e-flex e-con-boxed wpr-particle-no wpr-jarallax-no wpr-parallax-no wpr-sticky-section-no e-con e-parent\" data-id=\"2f34c5b2\" data-element_type=\"container\" data-settings=\"{&quot;content_width&quot;:&quot;boxed&quot;}\" data-core-v316-plus=\"true\">\n\t\t\t\t\t<div class=\"e-con-inner\">\n\t\t\t\t<div class=\"elementor-element elementor-element-1c3c3bbf elementor-widget elementor-widget-text-editor\" data-id=\"1c3c3bbf\" data-element_type=\"widget\" data-widget_type=\"text-editor.default\">\n\t\t\t\t<div class=\"elementor-widget-container\">\n\t\t\t<style>\/*! elementor - v3.18.0 - 08-12-2023 *\/\n.elementor-widget-text-editor.elementor-drop-cap-view-stacked .elementor-drop-cap{background-color:#69727d;color:#fff}.elementor-widget-text-editor.elementor-drop-cap-view-framed .elementor-drop-cap{color:#69727d;border:3px solid;background-color:transparent}.elementor-widget-text-editor:not(.elementor-drop-cap-view-default) .elementor-drop-cap{margin-top:8px}.elementor-widget-text-editor:not(.elementor-drop-cap-view-default) .elementor-drop-cap-letter{width:1em;height:1em}.elementor-widget-text-editor .elementor-drop-cap{float:left;text-align:center;line-height:1;font-size:50px}.elementor-widget-text-editor .elementor-drop-cap-letter{display:inline-block}<\/style>\t\t\t\t<!-- wp:paragraph -->\n<p>A institui\u00e7\u00e3o de taxa de fiscaliza\u00e7\u00e3o miner\u00e1ria pelos estados federados foi objeto de an\u00e1lise pelo <a href=\"https:\/\/portal.stf.jus.br\/\">Supremo Tribunal Federal<\/a> (STF) no julgamento da A\u00e7\u00e3o Direta de Inconstitucionalidade (ADI) 7400, proposta pela Confedera\u00e7\u00e3o Nacional da Ind\u00fastria (CNI) contra norma do Estado de Mato Grosso.<\/p>\n<p>Nesse julgamento, o Supremo reafirmou seu entendimento de que os estados federados possuem compet\u00eancia para instituir taxa decorrente do poder de pol\u00edcia de fiscaliza\u00e7\u00e3o da atividade mineradora. Entretanto, prevaleceu o argumento de que a institui\u00e7\u00e3o da taxa mato-grossense desrespeitou os limites da proporcionalidade entre o valor da taxa e o custo da atividade \u00e0 qual ela se refere.<\/p>\n<p><img fetchpriority=\"high\" decoding=\"async\" class=\"alignnone wp-image-877 size-full\" src=\"https:\/\/www.da.adv.br\/rochas\/wp-content\/uploads\/2024\/02\/david-athayde-advogados-blog-rochas-legal-artigo-os-estados-podem-instituir-taxa-de-fiscalizacao-mineraria.webp\" alt=\"\" width=\"1080\" height=\"1080\" srcset=\"https:\/\/www.da.adv.br\/rochas\/wp-content\/uploads\/2024\/02\/david-athayde-advogados-blog-rochas-legal-artigo-os-estados-podem-instituir-taxa-de-fiscalizacao-mineraria.webp 1080w, https:\/\/www.da.adv.br\/rochas\/wp-content\/uploads\/2024\/02\/david-athayde-advogados-blog-rochas-legal-artigo-os-estados-podem-instituir-taxa-de-fiscalizacao-mineraria-300x300.webp 300w, https:\/\/www.da.adv.br\/rochas\/wp-content\/uploads\/2024\/02\/david-athayde-advogados-blog-rochas-legal-artigo-os-estados-podem-instituir-taxa-de-fiscalizacao-mineraria-1024x1024.webp 1024w, https:\/\/www.da.adv.br\/rochas\/wp-content\/uploads\/2024\/02\/david-athayde-advogados-blog-rochas-legal-artigo-os-estados-podem-instituir-taxa-de-fiscalizacao-mineraria-150x150.webp 150w, https:\/\/www.da.adv.br\/rochas\/wp-content\/uploads\/2024\/02\/david-athayde-advogados-blog-rochas-legal-artigo-os-estados-podem-instituir-taxa-de-fiscalizacao-mineraria-768x768.webp 768w, https:\/\/www.da.adv.br\/rochas\/wp-content\/uploads\/2024\/02\/david-athayde-advogados-blog-rochas-legal-artigo-os-estados-podem-instituir-taxa-de-fiscalizacao-mineraria-600x600.webp 600w\" sizes=\"(max-width: 1080px) 100vw, 1080px\" \/><\/p>\n<p>Ou seja, por mais que os estados tenham compet\u00eancia para fiscalizar e possa cobrar taxa em fun\u00e7\u00e3o da fiscaliza\u00e7\u00e3o do desenvolvimento de atividade mineradora, essa cobran\u00e7a deve seguir os par\u00e2metros e balizas da proporcionalidade, evitando-se que <a href=\"https:\/\/www.da.adv.br\/rochas\/a-reforma-tributaria-e-impactos-no-setor-de-rochas-ornamentais\/\">taxa<\/a> possua car\u00e1ter eminentemente arrecadat\u00f3rio.<\/p>\n<p>Ao decidir, o presidente do STF fixou a orienta\u00e7\u00e3o de que essa taxa n\u00e3o deve superar a razo\u00e1vel equival\u00eancia entre o custo estimado ou mensurado da referida atua\u00e7\u00e3o estatal ao contribuinte e o valor que o estado pode exigir individualmente, por decorr\u00eancia da rela\u00e7\u00e3o de contrapresta\u00e7\u00e3o inerente \u00e0 atividade do poder p\u00fablico.<\/p>\n<p>Diante disso, foi fixada a seguinte tese de julgamento:\u00a0<\/p>\n<p>\u201cO Estado-membro \u00e9 competente para a institui\u00e7\u00e3o de taxa pelo exerc\u00edcio regular do poder de pol\u00edcia sobre as atividades de pesquisa, lavra, explora\u00e7\u00e3o ou aproveitamento de recursos miner\u00e1rios, realizada no Estado. \u00c9 inconstitucional a institui\u00e7\u00e3o de taxa de pol\u00edcia que exceda flagrante e desproporcionalmente os custos da atividade estatal de fiscaliza\u00e7\u00e3o\u201d.<\/p>\n<p>Portanto, as empresas de rochas ornamentais devem ficar atentas para n\u00e3o serem compelidas ao pagamento de taxa de fiscaliza\u00e7\u00e3o miner\u00e1ria que n\u00e3o atenda os crit\u00e9rios da proporcionalidade.<\/p>\n<p>Por:<br \/><a href=\"https:\/\/www.da.adv.br\/equipe\/daniel-gomes\/\">Daniel Soares Gomes<\/a>, Anderson Ribeiro e Juan Carvalho em 22\/02\/2024<\/p>\n<!-- \/wp:paragraph -->\t\t\t\t\t\t<\/div>\n\t\t\t\t<\/div>\n\t\t\t\t\t<\/div>\n\t\t\t\t<\/div>\n\t\t\t\t\t\t\t<\/div>\n\t\t","protected":false},"excerpt":{"rendered":"<p>A institui\u00e7\u00e3o de taxa de fiscaliza\u00e7\u00e3o miner\u00e1ria pelos estados federados foi objeto de an\u00e1lise pelo Supremo Tribunal Federal (STF) no julgamento da A\u00e7\u00e3o Direta de Inconstitucionalidade (ADI) 7400, proposta pela Confedera\u00e7\u00e3o Nacional da Ind\u00fastria (CNI) contra norma do Estado de Mato Grosso. Nesse julgamento, o Supremo reafirmou seu entendimento de que os estados federados possuem [&hellip;]<\/p>\n","protected":false},"author":3,"featured_media":881,"comment_status":"open","ping_status":"open","sticky":false,"template":"","format":"standard","meta":{"footnotes":""},"categories":[3],"tags":[26,60,57,58,59],"_links":{"self":[{"href":"https:\/\/www.da.adv.br\/rochas\/wp-json\/wp\/v2\/posts\/876"}],"collection":[{"href":"https:\/\/www.da.adv.br\/rochas\/wp-json\/wp\/v2\/posts"}],"about":[{"href":"https:\/\/www.da.adv.br\/rochas\/wp-json\/wp\/v2\/types\/post"}],"author":[{"embeddable":true,"href":"https:\/\/www.da.adv.br\/rochas\/wp-json\/wp\/v2\/users\/3"}],"replies":[{"embeddable":true,"href":"https:\/\/www.da.adv.br\/rochas\/wp-json\/wp\/v2\/comments?post=876"}],"version-history":[{"count":16,"href":"https:\/\/www.da.adv.br\/rochas\/wp-json\/wp\/v2\/posts\/876\/revisions"}],"predecessor-version":[{"id":967,"href":"https:\/\/www.da.adv.br\/rochas\/wp-json\/wp\/v2\/posts\/876\/revisions\/967"}],"wp:featuredmedia":[{"embeddable":true,"href":"https:\/\/www.da.adv.br\/rochas\/wp-json\/wp\/v2\/media\/881"}],"wp:attachment":[{"href":"https:\/\/www.da.adv.br\/rochas\/wp-json\/wp\/v2\/media?parent=876"}],"wp:term":[{"taxonomy":"category","embeddable":true,"href":"https:\/\/www.da.adv.br\/rochas\/wp-json\/wp\/v2\/categories?post=876"},{"taxonomy":"post_tag","embeddable":true,"href":"https:\/\/www.da.adv.br\/rochas\/wp-json\/wp\/v2\/tags?post=876"}],"curies":[{"name":"wp","href":"https:\/\/api.w.org\/{rel}","templated":true}]}}