{"id":889,"date":"2024-03-01T11:21:40","date_gmt":"2024-03-01T14:21:40","guid":{"rendered":"https:\/\/www.da.adv.br\/rochas\/?p=889"},"modified":"2024-06-10T09:25:15","modified_gmt":"2024-06-10T12:25:15","slug":"credito-presumido-de-ipi-decorrente-de-exportacoes-nao-integracao-na-base-de-calculo-do-pis-e-da-cofins","status":"publish","type":"post","link":"https:\/\/www.da.adv.br\/rochas\/credito-presumido-de-ipi-decorrente-de-exportacoes-nao-integracao-na-base-de-calculo-do-pis-e-da-cofins\/","title":{"rendered":"Cr\u00e9dito presumido de IPI decorrente de exporta\u00e7\u00f5es: n\u00e3o integra\u00e7\u00e3o na base de c\u00e1lculo do PIS e da COFINS &#8211; Publicado em 1\u00ba\/3\/2024"},"content":{"rendered":"\t\t<div data-elementor-type=\"wp-post\" data-elementor-id=\"889\" class=\"elementor elementor-889\" data-elementor-post-type=\"post\">\n\t\t\t\t\t\t\t<div class=\"elementor-element elementor-element-2f34c5b2 e-flex e-con-boxed wpr-particle-no wpr-jarallax-no wpr-parallax-no wpr-sticky-section-no e-con e-parent\" data-id=\"2f34c5b2\" data-element_type=\"container\" data-settings=\"{&quot;content_width&quot;:&quot;boxed&quot;}\" data-core-v316-plus=\"true\">\n\t\t\t\t\t<div class=\"e-con-inner\">\n\t\t\t\t<div class=\"elementor-element elementor-element-1c3c3bbf elementor-widget elementor-widget-text-editor\" data-id=\"1c3c3bbf\" data-element_type=\"widget\" data-widget_type=\"text-editor.default\">\n\t\t\t\t<div class=\"elementor-widget-container\">\n\t\t\t<style>\/*! elementor - v3.18.0 - 08-12-2023 *\/\n.elementor-widget-text-editor.elementor-drop-cap-view-stacked .elementor-drop-cap{background-color:#69727d;color:#fff}.elementor-widget-text-editor.elementor-drop-cap-view-framed .elementor-drop-cap{color:#69727d;border:3px solid;background-color:transparent}.elementor-widget-text-editor:not(.elementor-drop-cap-view-default) .elementor-drop-cap{margin-top:8px}.elementor-widget-text-editor:not(.elementor-drop-cap-view-default) .elementor-drop-cap-letter{width:1em;height:1em}.elementor-widget-text-editor .elementor-drop-cap{float:left;text-align:center;line-height:1;font-size:50px}.elementor-widget-text-editor .elementor-drop-cap-letter{display:inline-block}<\/style>\t\t\t\t<!-- wp:paragraph -->\n<p>As empresas de rochas ornamentais exportadoras podem usufruir de benef\u00edcio fiscal de cr\u00e9dito presumido de IPI vinculadas as suas opera\u00e7\u00f5es voltadas ao com\u00e9rcio exterior. O incentivo funciona como uma forma de ressarcimento pelas contribui\u00e7\u00f5es devidas sobre mat\u00e9ria-prima e insumos adquiridos internamente, com o intuito de desonerar e incentivar as exporta\u00e7\u00f5es.<\/p>\n<p>A frui\u00e7\u00e3o dos cr\u00e9ditos presumidos de IPI levava a d\u00favida sobre a inclus\u00e3o (ou n\u00e3o) na base de c\u00e1lculo das contribui\u00e7\u00f5es do <a href=\"https:\/\/www.da.adv.br\/rochas\/exclusao-dos-beneficios-fiscais-do-setor-de-rochas-ornamentais-da-base-de-calculo-do-irpj-csll-pis-e-cofins\/\">PIS e da COFINS<\/a>.<\/p>\n<p><img fetchpriority=\"high\" decoding=\"async\" class=\"alignnone wp-image-890 size-full\" src=\"https:\/\/www.da.adv.br\/rochas\/wp-content\/uploads\/2024\/03\/david-athayde-advogados-blog-rochas-legal-artigo-credito-presumido-de-ipi-decorrente-de-exportacoes-nao-integracao-na-base-de-calculo-do-pis-e-da-cofins.webp\" alt=\"\" width=\"1080\" height=\"1080\" srcset=\"https:\/\/www.da.adv.br\/rochas\/wp-content\/uploads\/2024\/03\/david-athayde-advogados-blog-rochas-legal-artigo-credito-presumido-de-ipi-decorrente-de-exportacoes-nao-integracao-na-base-de-calculo-do-pis-e-da-cofins.webp 1080w, https:\/\/www.da.adv.br\/rochas\/wp-content\/uploads\/2024\/03\/david-athayde-advogados-blog-rochas-legal-artigo-credito-presumido-de-ipi-decorrente-de-exportacoes-nao-integracao-na-base-de-calculo-do-pis-e-da-cofins-300x300.webp 300w, https:\/\/www.da.adv.br\/rochas\/wp-content\/uploads\/2024\/03\/david-athayde-advogados-blog-rochas-legal-artigo-credito-presumido-de-ipi-decorrente-de-exportacoes-nao-integracao-na-base-de-calculo-do-pis-e-da-cofins-1024x1024.webp 1024w, https:\/\/www.da.adv.br\/rochas\/wp-content\/uploads\/2024\/03\/david-athayde-advogados-blog-rochas-legal-artigo-credito-presumido-de-ipi-decorrente-de-exportacoes-nao-integracao-na-base-de-calculo-do-pis-e-da-cofins-150x150.webp 150w, https:\/\/www.da.adv.br\/rochas\/wp-content\/uploads\/2024\/03\/david-athayde-advogados-blog-rochas-legal-artigo-credito-presumido-de-ipi-decorrente-de-exportacoes-nao-integracao-na-base-de-calculo-do-pis-e-da-cofins-768x768.webp 768w, https:\/\/www.da.adv.br\/rochas\/wp-content\/uploads\/2024\/03\/david-athayde-advogados-blog-rochas-legal-artigo-credito-presumido-de-ipi-decorrente-de-exportacoes-nao-integracao-na-base-de-calculo-do-pis-e-da-cofins-600x600.webp 600w\" sizes=\"(max-width: 1080px) 100vw, 1080px\" \/><\/p>\n<p style=\"line-height: 115%;\"><span lang=\"PT-BR\">A partir do julgamento do Recurso Extraordin\u00e1rio de n\u00ba 593.544, em sede de repercuss\u00e3o geral (Tema 504), o <a href=\"https:\/\/portal.stf.jus.br\/\">Supremo Tribunal Federal<\/a> (STF), por meio de plen\u00e1rio virtual, firmou entendimento que os cr\u00e9ditos presumidos do IPI decorrente de exporta\u00e7\u00f5es n\u00e3o integram a base de c\u00e1lculo das referidas contribui\u00e7\u00f5es.<\/span><\/p>\n<p style=\"line-height: 115%;\"><span lang=\"PT-BR\">O plen\u00e1rio do Supremo Tribunal Federal declarou por unanimidade a inconstitucionalidade dos arts 3 e 4 da Lei Complementar n\u00ba 118\/2005, com o objetivo de: (i) afastar a aplica\u00e7\u00e3o dos arts. 3\u00b0 e 4\u00b0 da Lei Complementar n\u00ba 118\/2005 (6); e (ii) reconhecer que os cr\u00e9ditos presumidos de IPI n\u00e3o comp\u00f5em a base de c\u00e1lculo da contribui\u00e7\u00e3o para o PIS e da COFINS, sob a sistem\u00e1tica de apura\u00e7\u00e3o cumulativa.\u00a0<\/span><\/p>\n<p style=\"line-height: 115%;\"><span lang=\"PT-BR\">O argumento utilizado para subsidiar a decis\u00e3o, foi o de que as aquisi\u00e7\u00f5es no mercado interno de mat\u00e9rias-primas, produtos intermedi\u00e1rios e materiais de embalagem utilizados na elabora\u00e7\u00e3o de produtos destinados \u00e0 exporta\u00e7\u00e3o n\u00e3o devem se enquadrar no conceito de faturamento, e, portanto, n\u00e3o comp\u00f5em a base dos referidos tributos.\u00a0<\/span><\/p>\n<p style=\"line-height: 115%;\"><span lang=\"PT-BR\">Diante disso, foi fixada a seguinte tese de julgamento:<\/span><\/p>\n<p style=\"line-height: 115%;\"><span lang=\"PT-BR\">&#8220;Os cr\u00e9ditos presumidos de IPI, institu\u00eddos pela Lei n\u00ba 9.363\/1996, n\u00e3o integram a base de c\u00e1lculo da contribui\u00e7\u00e3o para o PIS e da COFINS, sob a sistem\u00e1tica de apura\u00e7\u00e3o cumulativa (Lei n\u00ba 9.718\/1998), pois n\u00e3o se amoldam ao conceito constitucional de faturamento&#8221;<\/span><\/p>\n<p style=\"line-height: 115%;\"><span lang=\"PT-BR\">A decis\u00e3o do STF ainda est\u00e1 pendente de publica\u00e7\u00e3o do inteiro teor, ou seja, ainda n\u00e3o se encerrou definitivamente, motivo pelo qual as empresas de rochas ornamentais exportadoras devem ficar atentas aos contornos finais do entendimento firmado para adequa\u00e7\u00e3o de seu planejamento <a href=\"https:\/\/www.da.adv.br\/rochas\/os-estados-podem-instituir-taxa-de-fiscalizacao-mineraria-por-daniel-soares-gomes-anderson-ribeiro-e-juan-carvalho\/\">fiscal<\/a>.<\/span><\/p>\n<p>Por: <a href=\"https:\/\/www.da.adv.br\/equipe\/daniel-gomes\/\">Daniel Soares Gomes<\/a>, Anderson Ribeiro e Juan Carvalho em 1\u00ba\/3\/2024<\/p>\n<!-- \/wp:paragraph -->\t\t\t\t\t\t<\/div>\n\t\t\t\t<\/div>\n\t\t\t\t\t<\/div>\n\t\t\t\t<\/div>\n\t\t\t\t\t\t\t<\/div>\n\t\t","protected":false},"excerpt":{"rendered":"<p>As empresas de rochas ornamentais exportadoras podem usufruir de benef\u00edcio fiscal de cr\u00e9dito presumido de IPI vinculadas as suas opera\u00e7\u00f5es voltadas ao com\u00e9rcio exterior. O incentivo funciona como uma forma de ressarcimento pelas contribui\u00e7\u00f5es devidas sobre mat\u00e9ria-prima e insumos adquiridos internamente, com o intuito de desonerar e incentivar as exporta\u00e7\u00f5es. A frui\u00e7\u00e3o dos cr\u00e9ditos presumidos [&hellip;]<\/p>\n","protected":false},"author":3,"featured_media":894,"comment_status":"open","ping_status":"open","sticky":false,"template":"","format":"standard","meta":{"footnotes":""},"categories":[3],"tags":[26,54,63,62,51],"_links":{"self":[{"href":"https:\/\/www.da.adv.br\/rochas\/wp-json\/wp\/v2\/posts\/889"}],"collection":[{"href":"https:\/\/www.da.adv.br\/rochas\/wp-json\/wp\/v2\/posts"}],"about":[{"href":"https:\/\/www.da.adv.br\/rochas\/wp-json\/wp\/v2\/types\/post"}],"author":[{"embeddable":true,"href":"https:\/\/www.da.adv.br\/rochas\/wp-json\/wp\/v2\/users\/3"}],"replies":[{"embeddable":true,"href":"https:\/\/www.da.adv.br\/rochas\/wp-json\/wp\/v2\/comments?post=889"}],"version-history":[{"count":11,"href":"https:\/\/www.da.adv.br\/rochas\/wp-json\/wp\/v2\/posts\/889\/revisions"}],"predecessor-version":[{"id":964,"href":"https:\/\/www.da.adv.br\/rochas\/wp-json\/wp\/v2\/posts\/889\/revisions\/964"}],"wp:featuredmedia":[{"embeddable":true,"href":"https:\/\/www.da.adv.br\/rochas\/wp-json\/wp\/v2\/media\/894"}],"wp:attachment":[{"href":"https:\/\/www.da.adv.br\/rochas\/wp-json\/wp\/v2\/media?parent=889"}],"wp:term":[{"taxonomy":"category","embeddable":true,"href":"https:\/\/www.da.adv.br\/rochas\/wp-json\/wp\/v2\/categories?post=889"},{"taxonomy":"post_tag","embeddable":true,"href":"https:\/\/www.da.adv.br\/rochas\/wp-json\/wp\/v2\/tags?post=889"}],"curies":[{"name":"wp","href":"https:\/\/api.w.org\/{rel}","templated":true}]}}